{"id":13685,"date":"2026-09-03T18:05:03","date_gmt":"2026-09-03T10:05:03","guid":{"rendered":"https:\/\/imastudio.com\/?p=13685"},"modified":"2026-09-03T18:28:30","modified_gmt":"2026-09-03T10:28:30","slug":"ai-product-photography-furniture-home-decor","status":"publish","type":"post","link":"https:\/\/imastudio.com\/fr\/blog\/ai-product-photography-furniture-home-decor","title":{"rendered":"Photographie de produits par IA pour les marques de meubles et de d\u00e9coration int\u00e9rieure"},"content":{"rendered":"<p>Le succ\u00e8s des catalogues de meubles et de d\u00e9coration repose enti\u00e8rement sur la qualit\u00e9 des photos de produits. Ima Studio aide les fabricants de meubles, les d\u00e9taillants de d\u00e9coration et les vendeurs en ligne \u00e0 transformer une pi\u00e8ce valid\u00e9e en une v\u00e9ritable biblioth\u00e8que de style de vie, fid\u00e8le \u00e0 l&#039;image de marque et respectant les caract\u00e9ristiques physiques de chaque produit.<\/p>\n<h2>Le probl\u00e8me des catalogues dans le secteur du mobilier et de la d\u00e9coration int\u00e9rieure<\/h2>\n<p>Un d\u00e9taillant de meubles n&#039;a pas de probl\u00e8me de photographie en soi. Il a un probl\u00e8me d&#039;\u00e9chelle, un probl\u00e8me de coh\u00e9rence et un probl\u00e8me de cat\u00e9gorisation \u2014 souvent les trois \u00e0 la fois.<\/p>\n<ul>\n<li><strong>Chaque nouvelle r\u00e9f\u00e9rence produit a besoin de sa propre image de style de vie.<\/strong> Un planning de s\u00e9ances photos con\u00e7u pour une seule collection ne peut plus suivre le rythme lorsqu&#039;un fournisseur propose dix nouveaux coloris de tissus d&#039;ameublement ou lorsqu&#039;une gamme de luminaires s&#039;\u00e9tend \u00e0 trois mat\u00e9riaux d&#039;abat-jour diff\u00e9rents.<\/li>\n<li><strong>Les cat\u00e9gories ne sont pas soumises aux m\u00eames r\u00e8gles.<\/strong> Un tapis, un canap\u00e9, un rideau et une suspension peuvent se trouver dans la m\u00eame pi\u00e8ce, mais ils ne peuvent pas \u00eatre photographi\u00e9s, s\u00e9lectionn\u00e9s ou examin\u00e9s selon les m\u00eames modalit\u00e9s de v\u00e9rification physique.<\/li>\n<li><strong>Un outil g\u00e9n\u00e9rique d\u201c\u201d am\u00e9lioration par IA \u00bb modifie ce qui ne l\u2019est pas.<\/strong> Les invites \u00ab Remplir une pi\u00e8ce \u00bb et les arri\u00e8re-plans en un clic modifient r\u00e9guli\u00e8rement la r\u00e9f\u00e9rence produit : le nombre de si\u00e8ges change, les tringles \u00e0 rideaux disparaissent, une suspension devient un lampadaire, le bord d&#039;un tapis se soul\u00e8ve en une boucle que le marchandiseur n&#039;a jamais approuv\u00e9e.<\/li>\n<\/ul>\n<p>La comp\u00e9tence \u00ab\u00a0Images de produits \u00e0 sc\u00e8ne fixe\u00a0\u00bb d&#039;Ima Studio a \u00e9t\u00e9 con\u00e7ue pour ce type de probl\u00e8me. Voici quatre aspects qui la distinguent\u00a0:<\/p>\n<h2>Chaque cat\u00e9gorie a ses propres r\u00e8gles physiques<\/h2>\n<p>Une chaise de salle \u00e0 manger, un rideau et une suspension font tous partie de la d\u00e9coration int\u00e9rieure, mais leur d\u00e9faillance diff\u00e8re consid\u00e9rablement. Une chaise devient inutilisable lorsqu&#039;un pied est manquant ou que l&#039;assise est ab\u00eem\u00e9e. Un rideau devient inutilisable lorsque les \u0153illets de la tringle se d\u00e9tachent ou que le tissu traverse le mur. Une lampe devient inutilisable lorsqu&#039;elle est suspendue trop bas ou lorsqu&#039;elle diffuse une lumi\u00e8re peu visible dans la pi\u00e8ce.<\/p>\n<p>La fonctionnalit\u00e9 r\u00e9partit chaque requ\u00eate dans l&#039;une des dix cat\u00e9gories physiques suivantes\u00a0: tapis, meubles rembourr\u00e9s, meubles rigides, articles de d\u00e9coration suspendus, literie, luminaires, produits de bureau, \u00e9quipements mobiles, gros \u00e9quipements ou une cat\u00e9gorie g\u00e9n\u00e9rique par d\u00e9faut. Elle charge ensuite uniquement les r\u00e8gles et les contr\u00f4les qualit\u00e9 correspondants. Les r\u00e8gles de compression des coussins ne sont pas prises en compte pour les requ\u00eates concernant les armoires. La logique de fixation au plafond n&#039;est pas prise en compte pour les requ\u00eates concernant les tapis.<\/p>\n\n<figure class=\"wp-block-image aligncenter size-large\"><img fetchpriority=\"high\" decoding=\"async\" width=\"1000\" height=\"1000\" src=\"https:\/\/imastudio.com\/wp-content\/uploads\/2026\/09\/fsms-chair-reference-upholstered.webp\" alt=\"R\u00e9f\u00e9rence produit d&#039;une chaise de salle \u00e0 manger rembourr\u00e9e montrant la construction de l&#039;assise, les pieds et la forme du dossier. La comp\u00e9tence pr\u00e9servera\" class=\"wp-image-13669\" srcset=\"https:\/\/wpcdn.imastudio.com\/wp-content\/uploads\/2026\/09\/fsms-chair-reference-upholstered.webp 1000w, https:\/\/wpcdn.imastudio.com\/wp-content\/uploads\/2026\/09\/fsms-chair-reference-upholstered-300x300.webp 300w, https:\/\/wpcdn.imastudio.com\/wp-content\/uploads\/2026\/09\/fsms-chair-reference-upholstered-150x150.webp 150w, https:\/\/wpcdn.imastudio.com\/wp-content\/uploads\/2026\/09\/fsms-chair-reference-upholstered-768x768.webp 768w, https:\/\/wpcdn.imastudio.com\/wp-content\/uploads\/2026\/09\/fsms-chair-reference-upholstered-12x12.webp 12w\" sizes=\"(max-width: 1000px) 100vw, 1000px\" \/><figcaption class=\"wp-element-caption\"><strong>Cat\u00e9gorie = la liste de contr\u00f4le de physique.<\/strong> Pour une chaise, le syst\u00e8me Skill pr\u00e9serve la silhouette, la construction de l&#039;assise, le nombre et l&#039;angle des pieds, le mat\u00e9riau et le contact avec le sol.<\/figcaption><\/figure>\n\n\n<h2>Une sc\u00e8ne approuv\u00e9e, un look de catalogue<\/h2>\n<p>Les photos de catalogue traditionnelles manquent de coh\u00e9rence. Photos de fournisseurs, prises de vue internes et rendus 3D sont r\u00e9alis\u00e9s dans des environnements diff\u00e9rents, avec des appareils photo et des \u00e9clairages vari\u00e9s. R\u00e9sultat\u00a0: chaque r\u00e9f\u00e9rence produit semble provenir d\u2019une marque diff\u00e9rente.<\/p>\n<p>Le concept de Skill consid\u00e8re la pi\u00e8ce comme une toile de fond stable. Un salon, une chambre ou une salle \u00e0 manger pr\u00e9d\u00e9finie devient le d\u00e9cor r\u00e9utilisable, et le produit devient le seul \u00e9l\u00e9ment visible. Diff\u00e9rentes familles de meubles d&#039;une m\u00eame cat\u00e9gorie \u2014 par exemple, des chaises de salle \u00e0 manger rembourr\u00e9es, \u00e0 dossier en rotin et \u00e0 structure en bois \u2014 peuvent coexister dans la pi\u00e8ce sans se limiter \u00e0 des variations de couleur. Le catalogue b\u00e9n\u00e9ficie ainsi d&#039;une esth\u00e9tique coh\u00e9rente\u00a0; chaque produit r\u00e9v\u00e8le sa silhouette authentique.<\/p>\n\n<figure class=\"wp-block-gallery has-nested-images columns-3 is-cropped wp-block-gallery-1 is-layout-flex wp-block-gallery-is-layout-flex\">\n\n<figure class=\"wp-block-image size-large\"><img decoding=\"async\" width=\"1440\" height=\"1920\" data-id=\"13672\" src=\"https:\/\/imastudio.com\/wp-content\/uploads\/2026\/09\/fsms-chair-result-1.webp\" alt=\"Chaises rembourr\u00e9es dispos\u00e9es dans la salle \u00e0 manger fixe\" class=\"wp-image-13672\" srcset=\"https:\/\/wpcdn.imastudio.com\/wp-content\/uploads\/2026\/09\/fsms-chair-result-1.webp 1440w, https:\/\/wpcdn.imastudio.com\/wp-content\/uploads\/2026\/09\/fsms-chair-result-1-225x300.webp 225w, https:\/\/wpcdn.imastudio.com\/wp-content\/uploads\/2026\/09\/fsms-chair-result-1-768x1024.webp 768w, https:\/\/wpcdn.imastudio.com\/wp-content\/uploads\/2026\/09\/fsms-chair-result-1-1152x1536.webp 1152w, https:\/\/wpcdn.imastudio.com\/wp-content\/uploads\/2026\/09\/fsms-chair-result-1-9x12.webp 9w\" sizes=\"(max-width: 1440px) 100vw, 1440px\" \/><\/figure>\n\n\n<figure class=\"wp-block-image size-large\"><img decoding=\"async\" width=\"1440\" height=\"1920\" data-id=\"13673\" src=\"https:\/\/imastudio.com\/wp-content\/uploads\/2026\/09\/fsms-chair-result-2.webp\" alt=\"Des chaises \u00e0 dossier en rotin dispos\u00e9es dans la m\u00eame salle \u00e0 manger\" class=\"wp-image-13673\" srcset=\"https:\/\/wpcdn.imastudio.com\/wp-content\/uploads\/2026\/09\/fsms-chair-result-2.webp 1440w, https:\/\/wpcdn.imastudio.com\/wp-content\/uploads\/2026\/09\/fsms-chair-result-2-225x300.webp 225w, https:\/\/wpcdn.imastudio.com\/wp-content\/uploads\/2026\/09\/fsms-chair-result-2-768x1024.webp 768w, https:\/\/wpcdn.imastudio.com\/wp-content\/uploads\/2026\/09\/fsms-chair-result-2-1152x1536.webp 1152w, https:\/\/wpcdn.imastudio.com\/wp-content\/uploads\/2026\/09\/fsms-chair-result-2-9x12.webp 9w\" sizes=\"(max-width: 1440px) 100vw, 1440px\" \/><\/figure>\n\n\n<figure class=\"wp-block-image size-large\"><img loading=\"lazy\" decoding=\"async\" width=\"1440\" height=\"1920\" data-id=\"13674\" src=\"https:\/\/imastudio.com\/wp-content\/uploads\/2026\/09\/fsms-chair-result-4.webp\" alt=\"Chaises \u00e0 coussin bleu et structure en bois dispos\u00e9es dans la m\u00eame salle \u00e0 manger\" class=\"wp-image-13674\" srcset=\"https:\/\/wpcdn.imastudio.com\/wp-content\/uploads\/2026\/09\/fsms-chair-result-4.webp 1440w, https:\/\/wpcdn.imastudio.com\/wp-content\/uploads\/2026\/09\/fsms-chair-result-4-225x300.webp 225w, https:\/\/wpcdn.imastudio.com\/wp-content\/uploads\/2026\/09\/fsms-chair-result-4-768x1024.webp 768w, https:\/\/wpcdn.imastudio.com\/wp-content\/uploads\/2026\/09\/fsms-chair-result-4-1152x1536.webp 1152w, https:\/\/wpcdn.imastudio.com\/wp-content\/uploads\/2026\/09\/fsms-chair-result-4-9x12.webp 9w\" sizes=\"(max-width: 1440px) 100vw, 1440px\" \/><\/figure>\n\n<figcaption class=\"blocks-gallery-caption wp-element-caption\"><strong>M\u00eame salle \u00e0 manger, trois familles de chaises structurellement diff\u00e9rentes.<\/strong> R\u00e9sultats du test historique v1\u00a0; le client compare le produit, et non un ensemble de photos.<\/figcaption>\n<\/figure>\n\n\n<h2>Modifier la r\u00e9f\u00e9rence sans reconstruire l&#039;ensemble<\/h2>\n<p>Un processus de type \u201c m\u00eame produit, nouvelle couleur \u201d ne devrait pas perturber la fen\u00eatre, la lumi\u00e8re ou le sol. En pratique, c&#039;est pourtant souvent le cas\u00a0: une erreur et les rideaux se retrouvent sur une tringle inexistante, ou la lumi\u00e8re du jour a chang\u00e9 de quatre heures.<\/p>\n<p>Le syst\u00e8me verrouille la sc\u00e8ne et traite la modification de la r\u00e9f\u00e9rence comme une op\u00e9ration d\u00e9limit\u00e9e. Les coloris des rideaux changent, mais la tringle, les \u0153illets, le nombre de panneaux, la longueur et la largeur restent inchang\u00e9s. Un tissu fonc\u00e9 att\u00e9nue la lumi\u00e8re transmise diff\u00e9remment d&#039;un tissu clair ou \u00e0 tissage plus a\u00e9r\u00e9, sans modifier la fen\u00eatre elle-m\u00eame. L&#039;\u00e9quipe catalogue dispose ainsi d&#039;une galerie que le client peut utiliser pour choisir une couleur en contexte.<\/p>\n\n<figure class=\"wp-block-gallery has-nested-images columns-3 is-cropped wp-block-gallery-2 is-layout-flex wp-block-gallery-is-layout-flex\">\n\n<figure class=\"wp-block-image size-large\"><img loading=\"lazy\" decoding=\"async\" width=\"1440\" height=\"1920\" data-id=\"13678\" src=\"https:\/\/imastudio.com\/wp-content\/uploads\/2026\/09\/fsms-case-06-result-1.webp\" alt=\"Des rideaux \u00e0 \u0153illets noirs suspendus dans la sc\u00e8ne fixe de la chambre\" class=\"wp-image-13678\" srcset=\"https:\/\/wpcdn.imastudio.com\/wp-content\/uploads\/2026\/09\/fsms-case-06-result-1.webp 1440w, https:\/\/wpcdn.imastudio.com\/wp-content\/uploads\/2026\/09\/fsms-case-06-result-1-225x300.webp 225w, https:\/\/wpcdn.imastudio.com\/wp-content\/uploads\/2026\/09\/fsms-case-06-result-1-768x1024.webp 768w, https:\/\/wpcdn.imastudio.com\/wp-content\/uploads\/2026\/09\/fsms-case-06-result-1-1152x1536.webp 1152w, https:\/\/wpcdn.imastudio.com\/wp-content\/uploads\/2026\/09\/fsms-case-06-result-1-9x12.webp 9w\" sizes=\"(max-width: 1440px) 100vw, 1440px\" \/><\/figure>\n\n\n<figure class=\"wp-block-image size-large\"><img loading=\"lazy\" decoding=\"async\" width=\"1440\" height=\"1920\" data-id=\"13679\" src=\"https:\/\/imastudio.com\/wp-content\/uploads\/2026\/09\/fsms-case-06-result-2.webp\" alt=\"Rideaux \u00e0 \u0153illets bleus suspendus dans la sc\u00e8ne fixe de la chambre\" class=\"wp-image-13679\" srcset=\"https:\/\/wpcdn.imastudio.com\/wp-content\/uploads\/2026\/09\/fsms-case-06-result-2.webp 1440w, https:\/\/wpcdn.imastudio.com\/wp-content\/uploads\/2026\/09\/fsms-case-06-result-2-225x300.webp 225w, https:\/\/wpcdn.imastudio.com\/wp-content\/uploads\/2026\/09\/fsms-case-06-result-2-768x1024.webp 768w, https:\/\/wpcdn.imastudio.com\/wp-content\/uploads\/2026\/09\/fsms-case-06-result-2-1152x1536.webp 1152w, https:\/\/wpcdn.imastudio.com\/wp-content\/uploads\/2026\/09\/fsms-case-06-result-2-9x12.webp 9w\" sizes=\"(max-width: 1440px) 100vw, 1440px\" \/><\/figure>\n\n\n<figure class=\"wp-block-image size-large\"><img loading=\"lazy\" decoding=\"async\" width=\"1440\" height=\"1920\" data-id=\"13680\" src=\"https:\/\/imastudio.com\/wp-content\/uploads\/2026\/09\/fsms-case-06-result-3.webp\" alt=\"Des rideaux \u00e0 \u0153illets turquoise suspendus dans la sc\u00e8ne fixe de la chambre\" class=\"wp-image-13680\" srcset=\"https:\/\/wpcdn.imastudio.com\/wp-content\/uploads\/2026\/09\/fsms-case-06-result-3.webp 1440w, https:\/\/wpcdn.imastudio.com\/wp-content\/uploads\/2026\/09\/fsms-case-06-result-3-225x300.webp 225w, https:\/\/wpcdn.imastudio.com\/wp-content\/uploads\/2026\/09\/fsms-case-06-result-3-768x1024.webp 768w, https:\/\/wpcdn.imastudio.com\/wp-content\/uploads\/2026\/09\/fsms-case-06-result-3-1152x1536.webp 1152w, https:\/\/wpcdn.imastudio.com\/wp-content\/uploads\/2026\/09\/fsms-case-06-result-3-9x12.webp 9w\" sizes=\"(max-width: 1440px) 100vw, 1440px\" \/><\/figure>\n\n<figcaption class=\"blocks-gallery-caption wp-element-caption\"><strong>M\u00eame chambre, m\u00eame fen\u00eatre, m\u00eame lumi\u00e8re du jour \u2014 seule la couleur des rideaux change.<\/strong> La tige, les \u0153illets, le nombre de panneaux, la longueur et les plis sont pr\u00e9serv\u00e9s.<\/figcaption>\n<\/figure>\n\n\n<h2>Actualiser une r\u00e9f\u00e9rence sans refaire toute la prise de vue<\/h2>\n<p>Chaque mise \u00e0 jour de catalogue ne correspond pas \u00e0 une collection enti\u00e8rement nouvelle. Il peut s&#039;agir d&#039;un simple luminaire, d&#039;un seul tissu d&#039;ameublement ou d&#039;un remplacement saisonnier. R\u00e9server un studio photo pour changer une lampe co\u00fbte cher\u00a0; demander \u00e0 un outil d&#039;IA g\u00e9n\u00e9rique d&#039;\u201c\u00a0ajouter une nouvelle lampe\u00a0\u201d donne souvent un r\u00e9sultat esth\u00e9tique, mais impossible \u00e0 installer.<\/p>\n<p>La fonctionnalit\u00e9 g\u00e8re les mises \u00e0 jour d&#039;un seul produit comme une g\u00e9n\u00e9ration d\u00e9limit\u00e9e\u00a0: elle analyse la sc\u00e8ne existante, int\u00e8gre le nouveau produit en respectant les r\u00e8gles d&#039;installation et de mat\u00e9riaux de la cat\u00e9gorie, et renvoie un r\u00e9sultat pr\u00eat pour la m\u00eame liste de contr\u00f4le qualit\u00e9 que celle utilis\u00e9e pour le reste du catalogue. Le remplacement d&#039;une suspension reste un remplacement de suspension\u00a0: m\u00eame plafond, m\u00eame pi\u00e8ce, nouveau luminaire qui semble correctement connect\u00e9 et allum\u00e9.<\/p>\n\n<figure class=\"wp-block-gallery has-nested-images columns-2 is-cropped wp-block-gallery-3 is-layout-flex wp-block-gallery-is-layout-flex\">\n\n<figure class=\"wp-block-image size-large\"><img loading=\"lazy\" decoding=\"async\" width=\"1400\" height=\"1400\" data-id=\"13681\" src=\"https:\/\/imastudio.com\/wp-content\/uploads\/2026\/09\/fsms-pendant-reference.webp\" alt=\"R\u00e9f\u00e9rence produit de la suspension orange\" class=\"wp-image-13681\" srcset=\"https:\/\/wpcdn.imastudio.com\/wp-content\/uploads\/2026\/09\/fsms-pendant-reference.webp 1400w, https:\/\/wpcdn.imastudio.com\/wp-content\/uploads\/2026\/09\/fsms-pendant-reference-300x300.webp 300w, https:\/\/wpcdn.imastudio.com\/wp-content\/uploads\/2026\/09\/fsms-pendant-reference-1024x1024.webp 1024w, https:\/\/wpcdn.imastudio.com\/wp-content\/uploads\/2026\/09\/fsms-pendant-reference-150x150.webp 150w, https:\/\/wpcdn.imastudio.com\/wp-content\/uploads\/2026\/09\/fsms-pendant-reference-768x768.webp 768w, https:\/\/wpcdn.imastudio.com\/wp-content\/uploads\/2026\/09\/fsms-pendant-reference-12x12.webp 12w\" sizes=\"(max-width: 1400px) 100vw, 1400px\" \/><\/figure>\n\n\n<figure class=\"wp-block-image size-large\"><img loading=\"lazy\" decoding=\"async\" width=\"1440\" height=\"1920\" data-id=\"13683\" src=\"https:\/\/imastudio.com\/wp-content\/uploads\/2026\/09\/fsms-case-05-result-1.webp\" alt=\"Suspension orange install\u00e9e, allum\u00e9e et int\u00e9gr\u00e9e \u00e0 la sc\u00e8ne de la salle \u00e0 manger existante\" class=\"wp-image-13683\" srcset=\"https:\/\/wpcdn.imastudio.com\/wp-content\/uploads\/2026\/09\/fsms-case-05-result-1.webp 1440w, https:\/\/wpcdn.imastudio.com\/wp-content\/uploads\/2026\/09\/fsms-case-05-result-1-225x300.webp 225w, https:\/\/wpcdn.imastudio.com\/wp-content\/uploads\/2026\/09\/fsms-case-05-result-1-768x1024.webp 768w, https:\/\/wpcdn.imastudio.com\/wp-content\/uploads\/2026\/09\/fsms-case-05-result-1-1152x1536.webp 1152w, https:\/\/wpcdn.imastudio.com\/wp-content\/uploads\/2026\/09\/fsms-case-05-result-1-9x12.webp 9w\" sizes=\"(max-width: 1440px) 100vw, 1440px\" \/><\/figure>\n\n<figcaption class=\"blocks-gallery-caption wp-element-caption\"><strong>R\u00e9f\u00e9rence et r\u00e9sultat\u00a0:<\/strong> La fixation au plafond, la longueur de suspension, la g\u00e9om\u00e9trie de l&#039;abat-jour et l&#039;\u00e9clairage local sont tous pr\u00e9serv\u00e9s.<\/figcaption>\n<\/figure>\n\n\n<h2>Comment l&#039;utiliser en trois \u00e9tapes<\/h2>\n<ol>\n<li><strong>T\u00e9l\u00e9chargez une sc\u00e8ne fixe et un produit repr\u00e9sentatif.<\/strong> Choisissez une image de pi\u00e8ce qui refl\u00e8te d\u00e9j\u00e0 votre marque\u00a0: une photo lifestyle existante, un rendu de d\u00e9cor ou un int\u00e9rieur soigneusement s\u00e9lectionn\u00e9. Ajoutez une r\u00e9f\u00e9rence produit montrant les aspects importants pour un client (silhouette, structure, motif, pieds, fixations). Vous pouvez \u00e9galement sugg\u00e9rer la cat\u00e9gorie\u00a0; si la suggestion est erron\u00e9e, la structure visible reste prioritaire.<\/li>\n<li><strong>Laissez la comp\u00e9tence acheminer la requ\u00eate.<\/strong> La cat\u00e9gorie est s\u00e9lectionn\u00e9e, les r\u00e8gles physiques correspondantes et le module de connaissances sont charg\u00e9s, puis l&#039;invite est g\u00e9n\u00e9r\u00e9e en fonction de votre emplacement et de vos notes de mat\u00e9riel. Les structures inconnues ou les installations \u00e0 haut risque sont d&#039;abord soumises \u00e0 une image de test repr\u00e9sentative, et non trait\u00e9es par lots.<\/li>\n<li><strong>G\u00e9n\u00e9rez et v\u00e9rifiez \u00e0 l&#039;aide de la liste de contr\u00f4le qualit\u00e9 correspondante.<\/strong> Chaque r\u00e9sultat est renvoy\u00e9 avec les v\u00e9rifications sp\u00e9cifiques \u00e0 la cat\u00e9gorie (contact avec le sol, int\u00e9grit\u00e9 de la suspension, lumi\u00e8re \u00e9mise, assemblage, etc.), de sorte que l&#039;approbation est une d\u00e9cision rapide et adapt\u00e9e \u00e0 la cat\u00e9gorie, et non une note esth\u00e9tique g\u00e9n\u00e9rique.<\/li>\n<\/ol>\n<h2>Ce qu&#039;un marchand doit t\u00e9l\u00e9charger<\/h2>\n<ul>\n<li><strong>La sc\u00e8ne fixe<\/strong> \u2014 la pi\u00e8ce, la cam\u00e9ra, la lumi\u00e8re et les principaux \u00e9l\u00e9ments qui doivent rester inchang\u00e9s pour toute la gamme de produits.<\/li>\n<li><strong>Une r\u00e9f\u00e9rence de produit repr\u00e9sentative<\/strong> \u2014 les vues qui permettent de mettre en \u00e9vidence la silhouette, la structure, le motif, les pieds, les supports ou les points de connexion.<\/li>\n<li><strong>Notes sur l&#039;emplacement, l&#039;\u00e9chelle et les mat\u00e9riaux<\/strong> \u2014 l\u2019emplacement du produit, sa taille par rapport \u00e0 un objet visible et les d\u00e9tails mat\u00e9riels qui doivent subsister.<\/li>\n<li><strong>Liste des r\u00e9f\u00e9rences et des r\u00e9sultats<\/strong> \u2014 ratio, r\u00e9solution, nombre d&#039;images, r\u00e9f\u00e9rences SKU, modifications autoris\u00e9es et \u00e9l\u00e9ments qui doivent rester verrouill\u00e9s.<\/li>\n<\/ul>\n<p>Les fichiers sont \u00e9tiquet\u00e9s selon leur finalit\u00e9 (\u201c sc\u00e8ne fixe \u201d, \u201c r\u00e9f\u00e9rence produit \u201d, \u201c r\u00e9f\u00e9rence de placement \u201d) plut\u00f4t que selon leur ordre d&#039;importation. Les noms sont conserv\u00e9s m\u00eame lorsque les fichiers sont r\u00e9organis\u00e9s\u00a0; les noms \u201c\u00a0image 1\u00a0\u201d et \u201c\u00a0image 2\u00a0\u201d disparaissent.<\/p>\n<h2>Quand tester une r\u00e9f\u00e9rence avant un lot<\/h2>\n<p>Utilisez une image test repr\u00e9sentative lorsqu&#039;une cat\u00e9gorie est connue mais que son comportement n&#039;a pas encore \u00e9t\u00e9 enti\u00e8rement valid\u00e9, ou lorsqu&#039;un changement de mat\u00e9riau peut modifier l&#039;apparence du produit dans la pi\u00e8ce\u00a0: un canap\u00e9 passant d&#039;un tissu tiss\u00e9 \u00e0 du velours, des rideaux passant d&#039;opaques \u00e0 transparents, des tapis dont la hauteur des poils change, des meubles passant d&#039;une peinture mate \u00e0 du m\u00e9tal r\u00e9fl\u00e9chissant, un luminaire passant d&#039;une lampe de table \u00e0 une applique murale. L&#039;image test r\u00e9pond \u00e0 une question pratique\u00a0: ce produit conserve-t-il son identit\u00e9, son \u00e9chelle, son rendu des mat\u00e9riaux et son aspect physique dans la sc\u00e8ne choisie\u00a0? L&#039;approbation s&#039;applique \u00e0 ce cas pr\u00e9cis\u00a0; elle ne valide pas automatiquement tous les produits de la cat\u00e9gorie.<\/p>\n<p>Flux de travail associ\u00e9s\u00a0: <a href=\"\/fr\/blog\/photograph-clothes-without-a-model\">flux de travail photographique de v\u00eatements sans mannequin<\/a> et <a href=\"\/fr\/blog\/one-product-image-ecommerce-ad-images-wireless-earbuds\">flux de travail d&#039;images pour le commerce \u00e9lectronique des \u00e9couteurs sans fil<\/a>.<\/p>\n<h2>Questions fr\u00e9quentes des \u00e9quipes de meubles et de d\u00e9coration int\u00e9rieure<\/h2>\n<h3>Ai-je besoin d&#039;une \u00e9quipe de photographes pour pr\u00e9parer la sc\u00e8ne fixe\u00a0?<\/h3>\n<p>Il vous faut une image de pi\u00e8ce qui refl\u00e8te d\u00e9j\u00e0 votre identit\u00e9 visuelle. L&#039;outil utilise la sc\u00e8ne comme arri\u00e8re-plan fixe, sans la modifier. Une photo lifestyle existante, un rendu de d\u00e9cor ou une photo d&#039;int\u00e9rieur soigneusement s\u00e9lectionn\u00e9e conviennent parfaitement.<\/p>\n<h3>Dois-je choisir une cat\u00e9gorie avant de t\u00e9l\u00e9charger ?<\/h3>\n<p>Oui, et le formulaire propose dix options, plus la d\u00e9tection automatique. La cat\u00e9gorie choisie sert d&#039;indication. La structure visible du produit t\u00e9l\u00e9charg\u00e9 d\u00e9termine le trac\u00e9 final\u00a0; une erreur de s\u00e9lection n&#039;entra\u00eene donc pas l&#039;application d&#039;une physique incorrecte.<\/p>\n<h3>Ce module permet-il la reconstruction 3D ou la v\u00e9rification dimensionnelle\u00a0?<\/h3>\n<p>Non. Cette fonctionnalit\u00e9 ne permet pas la reconstruction 3D exacte, la v\u00e9rification dimensionnelle au centim\u00e8tre pr\u00e8s, la reconstruction sous des angles invisibles, la certification de s\u00e9curit\u00e9 technique ni la cr\u00e9ation d&#039;arri\u00e8re-plans sans contraintes. Elle se limite aux r\u00e8gles visuelles par cat\u00e9gorie et refuse les requ\u00eates qui en sortent.<\/p>\n<h3>Quand dois-je scinder une collection en familles de r\u00e9f\u00e9rences distinctes\u00a0?<\/h3>\n<p>S\u00e9parez la collection lorsque les produits ne partagent plus de structure, de support, de logique d&#039;installation, de taille ou d&#039;utilisation. Un nom de collection commun ne suffit pas. Chaque famille n\u00e9cessite sa propre image principale, ainsi qu&#039;un positionnement, une \u00e9chelle et des informations de contact pertinents.<\/p>\n<h2>Commencez avec votre catalogue<\/h2>\n<p>Commencez par une pi\u00e8ce approuv\u00e9e et un produit repr\u00e9sentatif de la gamme que vous souhaitez d\u00e9velopper. T\u00e9l\u00e9chargez les deux, notez les d\u00e9tails de placement et de mat\u00e9riau qui doivent rester verrouill\u00e9s, et laissez le syst\u00e8me acheminer la requ\u00eate vers les r\u00e8gles de cat\u00e9gorie appropri\u00e9es.<\/p>\n<p style=\"margin:1.8em 0\"><a href=\"https:\/\/imastudio.com\/community\/?skill_code=fixed-scene-multi-sku-lifestyle\" style=\"display:inline-block;background:#111;color:#fff;font-weight:700;text-decoration:none;padding:14px 22px;border-radius:6px;line-height:1.2\">Cr\u00e9er des images de produits lifestyle<\/a><\/p>","protected":false},"excerpt":{"rendered":"<p>Photographie de produits par IA en une seule sc\u00e8ne pour les marques de meubles, de rideaux et d&#039;\u00e9clairage\u00a0: g\u00e9n\u00e9rez des images de style de vie conformes \u00e0 votre marque dans tout votre catalogue gr\u00e2ce \u00e0 des r\u00e8gles SKU tenant compte de la cat\u00e9gorie et \u00e0 une assurance qualit\u00e9 de niveau marchand.<\/p>","protected":false},"author":17,"featured_media":13717,"comment_status":"closed","ping_status":"","sticky":false,"template":"","format":"standard","meta":{"rank_math_title":"","rank_math_description":"","footnotes":""},"categories":[43,9],"tags":[],"class_list":["post-13685","post","type-post","status-publish","format-standard","has-post-thumbnail","hentry","category-ai-visual-tools","category-guide"],"_links":{"self":[{"href":"https:\/\/imastudio.com\/fr\/wp-json\/wp\/v2\/posts\/13685","targetHints":{"allow":["GET"]}}],"collection":[{"href":"https:\/\/imastudio.com\/fr\/wp-json\/wp\/v2\/posts"}],"about":[{"href":"https:\/\/imastudio.com\/fr\/wp-json\/wp\/v2\/types\/post"}],"author":[{"embeddable":true,"href":"https:\/\/imastudio.com\/fr\/wp-json\/wp\/v2\/users\/17"}],"replies":[{"embeddable":true,"href":"https:\/\/imastudio.com\/fr\/wp-json\/wp\/v2\/comments?post=13685"}],"version-history":[{"count":5,"href":"https:\/\/imastudio.com\/fr\/wp-json\/wp\/v2\/posts\/13685\/revisions"}],"predecessor-version":[{"id":13725,"href":"https:\/\/imastudio.com\/fr\/wp-json\/wp\/v2\/posts\/13685\/revisions\/13725"}],"wp:featuredmedia":[{"embeddable":true,"href":"https:\/\/imastudio.com\/fr\/wp-json\/wp\/v2\/media\/13717"}],"wp:attachment":[{"href":"https:\/\/imastudio.com\/fr\/wp-json\/wp\/v2\/media?parent=13685"}],"wp:term":[{"taxonomy":"category","embeddable":true,"href":"https:\/\/imastudio.com\/fr\/wp-json\/wp\/v2\/categories?post=13685"},{"taxonomy":"post_tag","embeddable":true,"href":"https:\/\/imastudio.com\/fr\/wp-json\/wp\/v2\/tags?post=13685"}],"curies":[{"name":"wp","href":"https:\/\/api.w.org\/{rel}","templated":true}]}}